{"id":161,"date":"2012-11-04T18:54:22","date_gmt":"2012-11-04T18:54:22","guid":{"rendered":"http:\/\/www.hackbrett.de\/?p=161"},"modified":"2012-11-04T18:54:22","modified_gmt":"2012-11-04T18:54:22","slug":"hackbrett-12-pressetext","status":"publish","type":"post","link":"https:\/\/www.hackbrett.de\/?p=161","title":{"rendered":"hackbrett.12 &#8211; Pressetext"},"content":{"rendered":"<p>Das Hackbrett im Fokus<\/p>\n<p>Immer noch fristet das Hackbrett ein Dasein als Nischeninstrument; ist es doch auch stark mit vielen Vorurteilen belastet, da es f\u00e4lschlicherweise als reines Volksmusikinstrument wahrgenommen wird. Das Musikfestival &#8222;hackbrett.12&#8220;, welches im zweij\u00e4hrigen Rhythmus in Ulm statt findet, m\u00f6chte das vielseitige Saiteninstrument etwas aus seiner Nische holen und mit zahlreichen Konzerten verstaubte Klischees aufbrechen. Am Samstag, 10. November 2012 stehen verschiedene Gruppierungen mit Hackbrett auf der B\u00fchne des katholischen Pfarrheims in der Harthauser Stra\u00dfe 36. Das Allg\u00e4uer &#8222;Duo Inflagranti&#8220; pr\u00e4sentiert um 12:00 Uhr in der Besetzung Hackbrett und Harfe eine facettenreiche Mischung aus unterschiedlichen Musikrichtungen. Das &#8222;Lanzinger Trio&#8220; spielt um 16:00 Uhr in der klassischen Stubenmusik Besetzung mit Hackbrett, Zither und Gitarre eigene Kompositionen, die vom Ensemble selbst als Volksmusik-Jazz-Pop eingestuft werden. Um 18:00 Uhr spielen Studenten der Musikhochschule M\u00fcnchen unter der Leitung der Dozentin f\u00fcr Hackbrett Birgit Stolzenburg. Auf dem Programm stehen alte und neue Original-Kompositionen f\u00fcr Hackbrett u.a. von Enjott Schneider. Den Abschluss bildet das Ulmer Hackbrett-Orchester &#8222;Gelbe Saiten&#8220; unter der Leitung von J\u00f6rg Lanzinger. Das Ensemble pr\u00e4sentiert ab 20:00 Uhr einen bunten Mix eigener Arrangements aus Filmmusik, Jazz-Rock-Pop und Folklore. Das auch die Jugend rund um Ulm mit dem Hackbrett aktiv ist, verdeutlichen zwei Konzerte mit Kinder- und Jugendensembles um 10:00 Uhr und um 14:00 Uhr. Weitere Informationen \u00fcber das Festival gibt es auf der Website unter www.hackbrett.de<\/p>\n","protected":false},"excerpt":{"rendered":"<p>Das Hackbrett im Fokus Immer noch fristet das Hackbrett ein Dasein als Nischeninstrument; ist es doch auch stark mit vielen Vorurteilen belastet, da es f\u00e4lschlicherweise &hellip;<\/p>\n","protected":false},"author":3,"featured_media":0,"comment_status":"closed","ping_status":"closed","sticky":false,"template":"","format":"standard","meta":{"footnotes":""},"categories":[1],"tags":[],"class_list":["post-161","post","type-post","status-publish","format-standard","hentry","category-allgemein"],"_links":{"self":[{"href":"https:\/\/www.hackbrett.de\/index.php?rest_route=\/wp\/v2\/posts\/161","targetHints":{"allow":["GET"]}}],"collection":[{"href":"https:\/\/www.hackbrett.de\/index.php?rest_route=\/wp\/v2\/posts"}],"about":[{"href":"https:\/\/www.hackbrett.de\/index.php?rest_route=\/wp\/v2\/types\/post"}],"author":[{"embeddable":true,"href":"https:\/\/www.hackbrett.de\/index.php?rest_route=\/wp\/v2\/users\/3"}],"replies":[{"embeddable":true,"href":"https:\/\/www.hackbrett.de\/index.php?rest_route=%2Fwp%2Fv2%2Fcomments&post=161"}],"version-history":[{"count":1,"href":"https:\/\/www.hackbrett.de\/index.php?rest_route=\/wp\/v2\/posts\/161\/revisions"}],"predecessor-version":[{"id":162,"href":"https:\/\/www.hackbrett.de\/index.php?rest_route=\/wp\/v2\/posts\/161\/revisions\/162"}],"wp:attachment":[{"href":"https:\/\/www.hackbrett.de\/index.php?rest_route=%2Fwp%2Fv2%2Fmedia&parent=161"}],"wp:term":[{"taxonomy":"category","embeddable":true,"href":"https:\/\/www.hackbrett.de\/index.php?rest_route=%2Fwp%2Fv2%2Fcategories&post=161"},{"taxonomy":"post_tag","embeddable":true,"href":"https:\/\/www.hackbrett.de\/index.php?rest_route=%2Fwp%2Fv2%2Ftags&post=161"}],"curies":[{"name":"wp","href":"https:\/\/api.w.org\/{rel}","templated":true}]}}